{"id":1373,"date":"2026-08-31T19:26:29","date_gmt":"2026-08-31T22:26:29","guid":{"rendered":"https:\/\/actualidadcorrentina.com\/index.php\/2026\/08\/31\/messi-anuncio-su-retiro-de-la-seleccion-argentina-ya-no-tengo-mas-para-dar\/"},"modified":"2026-08-31T19:26:29","modified_gmt":"2026-08-31T22:26:29","slug":"messi-anuncio-su-retiro-de-la-seleccion-argentina-ya-no-tengo-mas-para-dar","status":"publish","type":"post","link":"https:\/\/actualidadcorrentina.com\/index.php\/2026\/08\/31\/messi-anuncio-su-retiro-de-la-seleccion-argentina-ya-no-tengo-mas-para-dar\/","title":{"rendered":"MESSI ANUNCI\u00d3 SU RETIRO DE LA SELECCI\u00d3N ARGENTINA: &#8220;YA NO TENGO M\u00c1S PARA DAR&#8221;"},"content":{"rendered":"<p>Lionel Messi anunci\u00f3 este lunes su retiro de la Selecci\u00f3n Argentina. Este lunes 31, el hist\u00f3rico capit\u00e1n comunic\u00f3 la decisi\u00f3n mediante una extensa publicaci\u00f3n en su cuenta oficial de Instagram, donde expres\u00f3 su emoci\u00f3n por cerrar una etapa que marc\u00f3 buena parte de su carrera profesional.<\/p>\n<p>El mensaje hab\u00eda sido escrito el 21 de julio, apenas dos d\u00edas despu\u00e9s de la \u00faltima final disputada. Sin embargo, seg\u00fan explic\u00f3 el propio futbolista, una situaci\u00f3n familiar reciente termin\u00f3 de convencerlo de que era el momento de confirmar su decisi\u00f3n.<\/p>\n<p>&#8220;Hoy despu\u00e9s de lo de mi pap\u00e1, estoy m\u00e1s convencido que antes&#8221;, escribi\u00f3 Messi en referencia a ese momento personal.<\/p>\n<p>En su carta de despedida, el delantero tambi\u00e9n habl\u00f3 del desgaste acumulado despu\u00e9s de tantos a\u00f1os con la camiseta argentina. &#8220;Me vaci\u00e9, ya no tengo m\u00e1s para dar&#8221;, sostuvo, al mismo tiempo que destac\u00f3 la aparici\u00f3n de nuevos futbolistas que, seg\u00fan consider\u00f3, merecen ocupar un lugar en el seleccionado.<\/p>\n<p>La decisi\u00f3n pone punto final a una etapa de m\u00e1s de 20 a\u00f1os de Messi con la Selecci\u00f3n Argentina, marcada por t\u00edtulos, finales y algunos de los momentos m\u00e1s importantes de la historia reciente del f\u00fatbol argentino.<\/p>\n<p>El capit\u00e1n tambi\u00e9n dedic\u00f3 palabras de agradecimiento a sus compa\u00f1eros, entrenadores y dirigentes, adem\u00e1s de remarcar el v\u00ednculo que mantiene con los colores celeste y blanco.<\/p>\n<p>Messi asegur\u00f3 que continuar\u00e1 acompa\u00f1ando al equipo desde otro lugar y que alentar\u00e1 como un hincha m\u00e1s. &#8220;Me voy con la tranquilidad y el orgullo de haberles regalado momentos so\u00f1ados. Gracias Dios por hacerme argentino&#8221;, expres\u00f3 en el cierre de su mensaje.<\/p>\n<p>As\u00ed, a los 39 a\u00f1os, Lionel Messi confirm\u00f3 una decisi\u00f3n que durante a\u00f1os hab\u00eda sido una posibilidad latente y que ahora marca el final de su recorrido con la camiseta de la Selecci\u00f3n Argentina.<\/p>\n","protected":false},"excerpt":{"rendered":"<p>Lionel Messi anunci\u00f3 este lunes su retiro de la Selecci\u00f3n Argentina. Este lunes 31, el [&hellip;]<\/p>\n","protected":false},"author":1,"featured_media":1374,"comment_status":"open","ping_status":"open","sticky":false,"template":"","format":"standard","meta":{"footnotes":""},"categories":[23],"tags":[],"class_list":["post-1373","post","type-post","status-publish","format-standard","has-post-thumbnail","hentry","category-deportes"],"_links":{"self":[{"href":"https:\/\/actualidadcorrentina.com\/index.php\/wp-json\/wp\/v2\/posts\/1373","targetHints":{"allow":["GET"]}}],"collection":[{"href":"https:\/\/actualidadcorrentina.com\/index.php\/wp-json\/wp\/v2\/posts"}],"about":[{"href":"https:\/\/actualidadcorrentina.com\/index.php\/wp-json\/wp\/v2\/types\/post"}],"author":[{"embeddable":true,"href":"https:\/\/actualidadcorrentina.com\/index.php\/wp-json\/wp\/v2\/users\/1"}],"replies":[{"embeddable":true,"href":"https:\/\/actualidadcorrentina.com\/index.php\/wp-json\/wp\/v2\/comments?post=1373"}],"version-history":[{"count":0,"href":"https:\/\/actualidadcorrentina.com\/index.php\/wp-json\/wp\/v2\/posts\/1373\/revisions"}],"wp:featuredmedia":[{"embeddable":true,"href":"https:\/\/actualidadcorrentina.com\/index.php\/wp-json\/wp\/v2\/media\/1374"}],"wp:attachment":[{"href":"https:\/\/actualidadcorrentina.com\/index.php\/wp-json\/wp\/v2\/media?parent=1373"}],"wp:term":[{"taxonomy":"category","embeddable":true,"href":"https:\/\/actualidadcorrentina.com\/index.php\/wp-json\/wp\/v2\/categories?post=1373"},{"taxonomy":"post_tag","embeddable":true,"href":"https:\/\/actualidadcorrentina.com\/index.php\/wp-json\/wp\/v2\/tags?post=1373"}],"curies":[{"name":"wp","href":"https:\/\/api.w.org\/{rel}","templated":true}]}}