{"id":1371,"date":"2026-08-30T18:56:49","date_gmt":"2026-08-30T21:56:49","guid":{"rendered":"https:\/\/actualidadcorrentina.com\/index.php\/2026\/08\/30\/la-industria-forestal-profundiza-su-reconversion-ante-la-baja-demanda\/"},"modified":"2026-08-30T18:56:49","modified_gmt":"2026-08-30T21:56:49","slug":"la-industria-forestal-profundiza-su-reconversion-ante-la-baja-demanda","status":"publish","type":"post","link":"https:\/\/actualidadcorrentina.com\/index.php\/2026\/08\/30\/la-industria-forestal-profundiza-su-reconversion-ante-la-baja-demanda\/","title":{"rendered":"LA INDUSTRIA FORESTAL PROFUNDIZA SU RECONVERSI\u00d3N ANTE LA BAJA DEMANDA"},"content":{"rendered":"<p>La cadena foresto-industrial argentina atraviesa un escenario de estancamiento y reconversi\u00f3n, de acuerdo con el informe de coyuntura correspondiente a julio de 2026 elaborado por el ingeniero Gustavo Cetr\u00e1ngolo para la Federaci\u00f3n Argentina de la Industria de la Madera y Afines (FAIMA).<\/p>\n<p>El documento se\u00f1ala que el mercado dom\u00e9stico contin\u00faa operando dentro de una \u00abmeseta baja\u00bb, mientras el consumo de madera registra una ca\u00edda del 40% respecto de los m\u00e1ximos hist\u00f3ricos recientes.<\/p>\n<p>La contracci\u00f3n est\u00e1 vinculada en el informe con la debilidad del consumo interno y la paralizaci\u00f3n de la construcci\u00f3n y de la obra p\u00fablica, en un contexto marcado adem\u00e1s por el deterioro del poder adquisitivo, la morosidad y las dificultades de acceso al cr\u00e9dito.<\/p>\n<p>Frente a la retracci\u00f3n del mercado interno, las exportaciones aportaron un mecanismo de compensaci\u00f3n parcial para una parte de las empresas del sector. Durante los primeros siete meses de 2026, los env\u00edos externos permitieron colocar alrededor de 250.000 metros c\u00fabicos adicionales, equivalentes aproximadamente al 10% del volumen total de producci\u00f3n.<\/p>\n<p>Sin embargo, el informe se\u00f1ala que este incremento benefici\u00f3 principalmente a compa\u00f1\u00edas con capacidad financiera, tecnol\u00f3gica y comercial suficiente para sostener operaciones internacionales. En ese marco, Cetr\u00e1ngolo advierte que \u00abla industria de la construcci\u00f3n (el gran generador de empleo no calificado) no despega y el sector de la madera es uno de los afectados, no pudiendo la exportaci\u00f3n paliar la situaci\u00f3n\u00bb.<\/p>\n<p>El comportamiento de los principales productos mostr\u00f3 diferencias significativas durante el per\u00edodo analizado. Las exportaciones de madera aserrada de pino crecieron 31,7% interanual, impulsadas por la demanda de mercados asi\u00e1ticos y de Estados Unidos, mientras que las molduras de pino aumentaron 18,7%, favorecidas por la demanda vinculada con la construcci\u00f3n y la remodelaci\u00f3n estadounidense.<\/p>\n<p>En el caso del contrachapado de madera, las ventas externas registraron un incremento interanual del 341%, pese a una disminuci\u00f3n del 34,27% respecto del mes anterior, en un comportamiento que el informe caracteriza como at\u00edpico para una actividad hist\u00f3ricamente importadora.<\/p>\n<p>La Direcci\u00f3n Nacional de Desarrollo Foresto-Industrial convoc\u00f3 adem\u00e1s a fabricantes para acelerar la obtenci\u00f3n de certificaciones t\u00e9cnicas orientadas a consolidar el acceso a los mercados de la Uni\u00f3n Europea y Norteam\u00e9rica.<\/p>\n<p>El informe tambi\u00e9n registra una disminuci\u00f3n de la actividad primaria y una creciente concentraci\u00f3n industrial. La lectura de im\u00e1genes satelitales sobre las principales cuencas forestales permiti\u00f3 estimar una ca\u00edda cercana al 30% en la cosecha respecto del m\u00e1ximo alcanzado en 2022.<\/p>\n<p>De acuerdo con el documento, este comportamiento estuvo acompa\u00f1ado por una concentraci\u00f3n progresiva de la producci\u00f3n primaria y de la primera transformaci\u00f3n en un n\u00famero menor de aserraderos, particularmente aquellos con una escala suficiente para distribuir los costos fijos y afrontar las exigencias vinculadas con el transporte internacional.<\/p>\n<p>A esto se sumaron los altos costos log\u00edsticos, la falta de cr\u00e9dito y el encarecimiento de los insumos, factores que incidieron sobre la rentabilidad general de la industria.<\/p>\n<p>En este contexto, el informe de FAIMA describe una din\u00e1mica caracterizada por variaciones de la demanda dentro de niveles reducidos y por una mayor dependencia de las exportaciones entre las empresas con capacidad para acceder a mercados externos. \u00abDesde la industria se siguen marcando subidas y bajas de demanda dentro de una meseta baja. La producci\u00f3n se concentra en menos jugadores. Las empresas m\u00e1s s\u00f3lidas financiera, tecnol\u00f3gica y comercialmente son las que han nivelado su producci\u00f3n a trav\u00e9s de la exportaci\u00f3n, pero para todas la rentabilidad se ha resentido severamente. Aparecen nuevos actores no tradicionales, mientras otros deben intensificar env\u00edos al exterior asumiendo costos log\u00edsticos l\u00edmite para mantener a raya los costos fijos y el empleo\u00bb, se\u00f1ala el documento.<\/p>\n<p>El reporte agrega que, aunque algunas compa\u00f1\u00edas lograron sostener sus niveles productivos mediante ventas externas y desarrollo comercial, la rentabilidad disminuy\u00f3 de manera significativa.<\/p>\n<p>La evoluci\u00f3n de la construcci\u00f3n constituye otro de los factores centrales se\u00f1alados en el an\u00e1lisis. El \u00cdndice Sint\u00e9tico de la Actividad de la Construcci\u00f3n registr\u00f3 en junio una contracci\u00f3n de 4,14% respecto de mayo y una variaci\u00f3n interanual positiva de apenas 0,6%.<\/p>\n<p>Por otra parte, los permisos de construcci\u00f3n aprobados en 246 municipios aumentaron 4,3% durante los primeros cinco meses de 2026 frente al mismo per\u00edodo de 2025, aunque el informe aclara que este indicador no implica necesariamente el comienzo efectivo de las obras.<\/p>\n<p>La encuesta cualitativa realizada por el INDEC entre empresas del sector reflej\u00f3 adem\u00e1s que el 71,1% de las firmas vinculadas con la obra privada esperaba mantener sin cambios su nivel de actividad durante los tres meses siguientes, mientras que el 16,8% anticipaba una reducci\u00f3n y el 12,1% preve\u00eda una mejora. En la obra p\u00fablica, el 52,8% no esperaba modificaciones y el 29,2% proyectaba nuevas ca\u00eddas.<\/p>\n","protected":false},"excerpt":{"rendered":"<p>La cadena foresto-industrial argentina atraviesa un escenario de estancamiento y reconversi\u00f3n, de acuerdo con el [&hellip;]<\/p>\n","protected":false},"author":1,"featured_media":1372,"comment_status":"open","ping_status":"open","sticky":false,"template":"","format":"standard","meta":{"footnotes":""},"categories":[26],"tags":[],"class_list":["post-1371","post","type-post","status-publish","format-standard","has-post-thumbnail","hentry","category-sociedad"],"_links":{"self":[{"href":"https:\/\/actualidadcorrentina.com\/index.php\/wp-json\/wp\/v2\/posts\/1371","targetHints":{"allow":["GET"]}}],"collection":[{"href":"https:\/\/actualidadcorrentina.com\/index.php\/wp-json\/wp\/v2\/posts"}],"about":[{"href":"https:\/\/actualidadcorrentina.com\/index.php\/wp-json\/wp\/v2\/types\/post"}],"author":[{"embeddable":true,"href":"https:\/\/actualidadcorrentina.com\/index.php\/wp-json\/wp\/v2\/users\/1"}],"replies":[{"embeddable":true,"href":"https:\/\/actualidadcorrentina.com\/index.php\/wp-json\/wp\/v2\/comments?post=1371"}],"version-history":[{"count":0,"href":"https:\/\/actualidadcorrentina.com\/index.php\/wp-json\/wp\/v2\/posts\/1371\/revisions"}],"wp:featuredmedia":[{"embeddable":true,"href":"https:\/\/actualidadcorrentina.com\/index.php\/wp-json\/wp\/v2\/media\/1372"}],"wp:attachment":[{"href":"https:\/\/actualidadcorrentina.com\/index.php\/wp-json\/wp\/v2\/media?parent=1371"}],"wp:term":[{"taxonomy":"category","embeddable":true,"href":"https:\/\/actualidadcorrentina.com\/index.php\/wp-json\/wp\/v2\/categories?post=1371"},{"taxonomy":"post_tag","embeddable":true,"href":"https:\/\/actualidadcorrentina.com\/index.php\/wp-json\/wp\/v2\/tags?post=1371"}],"curies":[{"name":"wp","href":"https:\/\/api.w.org\/{rel}","templated":true}]}}